{"id":957,"date":"2023-03-21T13:53:19","date_gmt":"2023-03-21T12:53:19","guid":{"rendered":"https:\/\/www.reitverein-metternich.de\/cms\/?p=957"},"modified":"2023-03-21T15:24:38","modified_gmt":"2023-03-21T14:24:38","slug":"lpo-turnier-dressur-mit-qualifikationen-zum-geba-cup-kl-a-jun-j-r-und-kl-l-u25-und-haribo-cup-2023","status":"publish","type":"post","link":"https:\/\/www.reitverein-metternich.de\/cms\/index.php\/2023\/03\/21\/lpo-turnier-dressur-mit-qualifikationen-zum-geba-cup-kl-a-jun-j-r-und-kl-l-u25-und-haribo-cup-2023\/","title":{"rendered":"LPO Turnier Dressur mit Qualifikationen zum geba-Cup Kl.A Jun.\/J.R. und Kl.L U25 und Haribo-Cup 2023"},"content":{"rendered":"\n<p>Wir kn\u00fcpfen an den Erfolg unseres ersten LPO Turnieres im letzten Jahr an und sind dieses Jahr das Qualifikationsturnier f\u00fcr den geba-Cup und Haribo-Cup 2023 im Kreisverband Euskirchen. <\/p>\n\n\n\n<p class=\"has-secondary-color has-text-color\"><strong>Datum: 17.\/18. Juni 2023<\/strong><\/p>\n\n\n\n<p>Die Ausschreibung ist online und hier zu finden:<\/p>\n\n\n\n<p><a href=\"https:\/\/www.reitverein-metternich.de\/cms\/wp-content\/uploads\/2023\/03\/Auschreibung-LPO-Dressur_RFVM_17-18_06_2023.pdf\" target=\"_blank\" rel=\"noreferrer noopener\">Ausschreibung Dressurturnier 17.\/18. Juni 2023<\/a><\/p>\n\n\n\n<figure class=\"wp-block-image size-large\"><img decoding=\"async\" loading=\"lazy\" width=\"768\" height=\"1024\" src=\"https:\/\/www.reitverein-metternich.de\/cms\/wp-content\/uploads\/2023\/03\/3cbc44f1-4635-4273-a750-1ba4d6214c26-768x1024.jpg\" alt=\"\" class=\"wp-image-958\" srcset=\"https:\/\/www.reitverein-metternich.de\/cms\/wp-content\/uploads\/2023\/03\/3cbc44f1-4635-4273-a750-1ba4d6214c26-768x1024.jpg 768w, https:\/\/www.reitverein-metternich.de\/cms\/wp-content\/uploads\/2023\/03\/3cbc44f1-4635-4273-a750-1ba4d6214c26-225x300.jpg 225w, https:\/\/www.reitverein-metternich.de\/cms\/wp-content\/uploads\/2023\/03\/3cbc44f1-4635-4273-a750-1ba4d6214c26-1152x1536.jpg 1152w, https:\/\/www.reitverein-metternich.de\/cms\/wp-content\/uploads\/2023\/03\/3cbc44f1-4635-4273-a750-1ba4d6214c26.jpg 1512w\" sizes=\"(max-width: 768px) 100vw, 768px\" \/><\/figure>\n\n\n\n<p>Im letzten Jahr haben bereits viele unsere unsere beiden, neuen Sandreitpl\u00e4tze getestet und f\u00fcr gut befunden. Im Gegensatz zu fr\u00fcheren Jahren wird also nicht mehr auf der unteren Wiese abgeritten, sondern ebenfalls auf einem Sand Reitplatz. Die Dressurpr\u00fcfungen finden NICHT mehr auf dem kleinen Reitplatz statt, sondern auf dem neuen, gro\u00dfen Reitplatz mit professionellem Sand- Vlies Gemisch.<\/p>\n","protected":false},"excerpt":{"rendered":"<p>Wir kn\u00fcpfen an den Erfolg unseres ersten LPO Turnieres im letzten Jahr an und sind dieses Jahr das Qualifikationsturnier f\u00fcr<\/p>\n","protected":false},"author":1,"featured_media":859,"comment_status":"closed","ping_status":"open","sticky":false,"template":"","format":"standard","meta":[],"categories":[1,5,8],"tags":[],"_links":{"self":[{"href":"https:\/\/www.reitverein-metternich.de\/cms\/index.php\/wp-json\/wp\/v2\/posts\/957"}],"collection":[{"href":"https:\/\/www.reitverein-metternich.de\/cms\/index.php\/wp-json\/wp\/v2\/posts"}],"about":[{"href":"https:\/\/www.reitverein-metternich.de\/cms\/index.php\/wp-json\/wp\/v2\/types\/post"}],"author":[{"embeddable":true,"href":"https:\/\/www.reitverein-metternich.de\/cms\/index.php\/wp-json\/wp\/v2\/users\/1"}],"replies":[{"embeddable":true,"href":"https:\/\/www.reitverein-metternich.de\/cms\/index.php\/wp-json\/wp\/v2\/comments?post=957"}],"version-history":[{"count":2,"href":"https:\/\/www.reitverein-metternich.de\/cms\/index.php\/wp-json\/wp\/v2\/posts\/957\/revisions"}],"predecessor-version":[{"id":961,"href":"https:\/\/www.reitverein-metternich.de\/cms\/index.php\/wp-json\/wp\/v2\/posts\/957\/revisions\/961"}],"wp:featuredmedia":[{"embeddable":true,"href":"https:\/\/www.reitverein-metternich.de\/cms\/index.php\/wp-json\/wp\/v2\/media\/859"}],"wp:attachment":[{"href":"https:\/\/www.reitverein-metternich.de\/cms\/index.php\/wp-json\/wp\/v2\/media?parent=957"}],"wp:term":[{"taxonomy":"category","embeddable":true,"href":"https:\/\/www.reitverein-metternich.de\/cms\/index.php\/wp-json\/wp\/v2\/categories?post=957"},{"taxonomy":"post_tag","embeddable":true,"href":"https:\/\/www.reitverein-metternich.de\/cms\/index.php\/wp-json\/wp\/v2\/tags?post=957"}],"curies":[{"name":"wp","href":"https:\/\/api.w.org\/{rel}","templated":true}]}}