{"id":733,"date":"2020-03-18T20:48:09","date_gmt":"2020-03-18T19:48:09","guid":{"rendered":"http:\/\/www.reitverein-metternich.de\/cms\/?p=733"},"modified":"2020-03-18T20:48:09","modified_gmt":"2020-03-18T19:48:09","slug":"schliessung-der-reitanlage-und-des-vereinsheims","status":"publish","type":"post","link":"https:\/\/www.reitverein-metternich.de\/cms\/index.php\/2020\/03\/18\/schliessung-der-reitanlage-und-des-vereinsheims\/","title":{"rendered":"Schlie\u00dfung der Reitanlage und des Vereinsheims"},"content":{"rendered":"<p>Durch den Erlass des Ministeriums f\u00fcr Arbeit, Gesundheit und Soziales des Landes NRW vom 15.03.2020 sind als Ma\u00dfnahme zur Eind\u00e4mmung der Corona-Virus-Pandemie alle Sport- und Freizeitanlagen zu schlie\u00dfen.<\/p>\n<p>&nbsp;<\/p>\n<p>Dieser Verantwortung kommt der RFV Metternich nach und schlie\u00dft die Reitanlage sowie das Vereinsheim bis auf weiteres. Zusammenk\u00fcnfte werden ebenfalls untersagt.<\/p>\n<p>&nbsp;<\/p>\n<p>Vielen Dank f\u00fcr euer Verst\u00e4ndnis. Kommt gut durch die Zeit und bleibt alle gesund!<\/p>\n<p>&nbsp;<\/p>\n<p>&nbsp;<\/p>\n<p>&nbsp;<\/p>\n<p>Der Vorstand<\/p>\n","protected":false},"excerpt":{"rendered":"<p>Durch den Erlass des Ministeriums f\u00fcr Arbeit, Gesundheit und Soziales des Landes NRW vom 15.03.2020 sind als Ma\u00dfnahme zur Eind\u00e4mmung<\/p>\n","protected":false},"author":1,"featured_media":734,"comment_status":"closed","ping_status":"open","sticky":false,"template":"","format":"standard","meta":[],"categories":[1],"tags":[],"_links":{"self":[{"href":"https:\/\/www.reitverein-metternich.de\/cms\/index.php\/wp-json\/wp\/v2\/posts\/733"}],"collection":[{"href":"https:\/\/www.reitverein-metternich.de\/cms\/index.php\/wp-json\/wp\/v2\/posts"}],"about":[{"href":"https:\/\/www.reitverein-metternich.de\/cms\/index.php\/wp-json\/wp\/v2\/types\/post"}],"author":[{"embeddable":true,"href":"https:\/\/www.reitverein-metternich.de\/cms\/index.php\/wp-json\/wp\/v2\/users\/1"}],"replies":[{"embeddable":true,"href":"https:\/\/www.reitverein-metternich.de\/cms\/index.php\/wp-json\/wp\/v2\/comments?post=733"}],"version-history":[{"count":2,"href":"https:\/\/www.reitverein-metternich.de\/cms\/index.php\/wp-json\/wp\/v2\/posts\/733\/revisions"}],"predecessor-version":[{"id":736,"href":"https:\/\/www.reitverein-metternich.de\/cms\/index.php\/wp-json\/wp\/v2\/posts\/733\/revisions\/736"}],"wp:featuredmedia":[{"embeddable":true,"href":"https:\/\/www.reitverein-metternich.de\/cms\/index.php\/wp-json\/wp\/v2\/media\/734"}],"wp:attachment":[{"href":"https:\/\/www.reitverein-metternich.de\/cms\/index.php\/wp-json\/wp\/v2\/media?parent=733"}],"wp:term":[{"taxonomy":"category","embeddable":true,"href":"https:\/\/www.reitverein-metternich.de\/cms\/index.php\/wp-json\/wp\/v2\/categories?post=733"},{"taxonomy":"post_tag","embeddable":true,"href":"https:\/\/www.reitverein-metternich.de\/cms\/index.php\/wp-json\/wp\/v2\/tags?post=733"}],"curies":[{"name":"wp","href":"https:\/\/api.w.org\/{rel}","templated":true}]}}