{"id":705,"date":"2019-12-08T20:46:35","date_gmt":"2019-12-08T19:46:35","guid":{"rendered":"http:\/\/www.reitverein-metternich.de\/cms\/?p=705"},"modified":"2019-12-08T20:51:23","modified_gmt":"2019-12-08T19:51:23","slug":"weihnachtsfeier-des-rfv-metternich-tradition-und-jugend-in-harmonie","status":"publish","type":"post","link":"https:\/\/www.reitverein-metternich.de\/cms\/index.php\/2019\/12\/08\/weihnachtsfeier-des-rfv-metternich-tradition-und-jugend-in-harmonie\/","title":{"rendered":"Weihnachtsfeier des RFV Metternich: Tradition und Jugend in Harmonie"},"content":{"rendered":"<p>Erstmalig hat der im Sommer 2019 gew\u00e4hlte neue Vorstand des RFV Metternich um die Vorsitzende B\u00e4rbel Czeschik die Weihnachtsfeier ausgerichtet.<\/p>\n<p>Die Hauptorganisatorinnen B\u00e4rbel Czeschik und Uschi Schwarz haben es verstanden, die weihnachtlichen Traditionen mit jugendlichem Charme aufzufrischen.<\/p>\n<p>Bereits ab 16 Uhr traf man sich traditionell zu Kaffee und Pl\u00e4tzchen im von Jupp Weiler gut beheizten Vereinsheim am Reitplatz \u201eAm Ginsterberg\u201c.<\/p>\n<p>Die Weihnachtsfeier war gut besucht, erfreulich war die gro\u00dfe Anzahl an Kindern und Jugendlichen. Zeigt dies, dass die Jugendarbeit im RFV Metternich Fr\u00fcchte tr\u00e4gt. So hat Joanne Czeschik zur Einstimmung auf den zu erwartenden Nikolaus in einer Weihnachtsgeschichte von ihrer Begegnung mit dem Weihnachtsmann im Wald erz\u00e4hlt. Sie traf ihn, als sie f\u00fcr ihre Familie einen sch\u00f6nen Weihnachtsbaum holen sollte.<\/p>\n<p>Der Nikolaus selbst war jedoch leider verhindert, lie\u00df es sich nicht nehmen, gleich drei seiner jungen Vertreterinnen in das Vereinsheim zu senden. Diese wurden bereits von Jung und Alt sehns\u00fcchtig erwartet. Joelle Burg, Fiona Hurson und Jolina M\u00fcller vertraten ihn w\u00fcrdig und haben denn Vereinsmitgliedern auf eine charmante Art und Weise und mit einem Zwinkern im Auge die aktuellen Vorstandsmitglieder vorgestellt. Ein besonderer Dank ging an die Platzwarte Jupp Weiler und Hans Stein, die seit vielen Jahren die Reitanlage hegen und pflegen und auf den \u201eheiligen\u201c Rasenplatz aufpassen, welcher nur f\u00fcr Veranstaltungen von Pferd und Reiter betreten werden darf. In der vergangenen gr\u00fcnen Saison durften die Mitglieder den Rasen jedoch gelegentlich zum Springtraining benutzten. Das freute die Nikol\u00e4usinnen im Namen aller Mitglieder sehr.<\/p>\n<p>Eines der j\u00fcngsten Mitglieder des RFV Metternich, die 8-j\u00e4hrige Ebru-Aleyna, hat den Nikol\u00e4usinnen das traditionelle Adventsgedicht aufgesagt.<\/p>\n<p>Zum Abend, w\u00e4hrend des leckeren Spie\u00dfbratens und den frisch gebackenen Flammkuchen, haben die Kinder des RFV Metternich Lose f\u00fcr die Verlosung zugunsten der Jugendkasse verkauft. Schnell waren die Lose an den Mann, bzw. an die Frau gebracht. Mit Spannung wurde die Verlosung, welche von B\u00e4rbel Czeschik mit tatkr\u00e4ftiger Unterst\u00fctzung der Kinder durchgef\u00fchrt wurde, erwartet. \u00dcber 100 Preise warteten auf ihre neuen Besitzer.<\/p>\n<p>Den Hauptpreis, einen Tischgrill, gewann Sevgi Kaya.<\/p>\n<p>Es ist den Organisatorinnen wunderbar gelungen, f\u00fcr die Weihnachtsfeier den Bogen zwischen der Tradition und der Jugend herzustellen. Hierf\u00fcr von allen Mitgliedern ein herzliches Dankesch\u00f6n.<\/p>\n<p>Der RFV Metternich w\u00fcnscht allen seinen Mitgliedern, Freunden und F\u00f6rderern eine sch\u00f6ne Weihnachtszeit und ein gutes und gesundes Jahr 2020 und m\u00f6chte mit den von Worten Hans-Heinrich Isenbart (1923-2011), Stadionsprecher des CHIO Aachen, abschlie\u00dfen: <em><strong>\u201e\u2026und vergesst die Pferde nicht!\u201c<\/strong><\/em><\/p>\n<div id=\"envira-gallery-wrap-721\" class=\"envira-gallery-wrap envira-gallery-theme-base envira-lightbox-theme-base\" itemscope itemtype=\"https:\/\/schema.org\/ImageGallery\"><div data-row-height=\"150\" data-gallery-theme=\"normal\" id=\"envira-gallery-721\" class=\"envira-gallery-public envira-gallery-justified-public envira-gallery-0-columns envira-clear enviratope envira-gallery-css-animations\" data-envira-columns=\"0\"><div id=\"envira-gallery-item-717\" class=\"envira-gallery-item enviratope-item envira-gallery-item-1 envira-lazy-load\" style=\"padding-left: 5px; padding-bottom: 10px; padding-right: 5px;\"  itemscope itemtype=\"https:\/\/schema.org\/ImageObject\"><div class=\"envira-gallery-item-inner\"><div class=\"envira-gallery-position-overlay  envira-gallery-top-left\"><\/div><div class=\"envira-gallery-position-overlay  envira-gallery-top-right\"><\/div><div class=\"envira-gallery-position-overlay  envira-gallery-bottom-left\"><\/div><div class=\"envira-gallery-position-overlay  envira-gallery-bottom-right\"><\/div><a href=\"http:\/\/www.reitverein-metternich.de\/cms\/wp-content\/uploads\/2019\/12\/20191207_201124460_iOS.jpg\" class=\"envira-gallery-721 envira-gallery-link\" rel=\"enviragallery721\" title=\"20191207_201124460_iOS\" data-envira-caption=\"20191207_201124460_iOS\" data-envira-retina=\"\" data-thumbnail=\"\"  itemprop=\"contentUrl\"><img id=\"envira-gallery-image-717\" class=\"envira-gallery-image envira-gallery-image-1 envira-normal envira-lazy\" data-envira-index=\"1\" src=\"https:\/\/www.reitverein-metternich.de\/cms\/wp-content\/uploads\/2019\/12\/20191207_201124460_iOS-1024x768-640x480.jpg\" data-envira-src=\"https:\/\/www.reitverein-metternich.de\/cms\/wp-content\/uploads\/2019\/12\/20191207_201124460_iOS-1024x768-640x480.jpg\" data-envira-gallery-id=\"721\" data-envira-item-id=\"717\" data-envira-caption=\"20191207_201124460_iOS\" alt=\"\" title=\"20191207_201124460_iOS\"  itemprop=\"thumbnailUrl\" data-envira-srcset=\"https:\/\/www.reitverein-metternich.de\/cms\/wp-content\/uploads\/2019\/12\/20191207_201124460_iOS-1024x768-640x480.jpg 400w,https:\/\/www.reitverein-metternich.de\/cms\/wp-content\/uploads\/2019\/12\/20191207_201124460_iOS-1024x768-640x480.jpg 2x\" data-envira-width=\"300\" data-envira-height=\"225\" srcset=\"data:image\/gif;base64,R0lGODlhAQABAIAAAP\/\/\/\/\/\/\/yH5BAEKAAEALAAAAAABAAEAAAICTAEAOw==\" data-safe-src=\"data:image\/gif;base64,R0lGODlhAQABAIAAAP\/\/\/\/\/\/\/yH5BAEKAAEALAAAAAABAAEAAAICTAEAOw==\" \/><\/a><\/div><\/div><div id=\"envira-gallery-item-716\" class=\"envira-gallery-item enviratope-item envira-gallery-item-2 envira-lazy-load\" style=\"padding-left: 5px; padding-bottom: 10px; padding-right: 5px;\"  itemscope itemtype=\"https:\/\/schema.org\/ImageObject\"><div class=\"envira-gallery-item-inner\"><div class=\"envira-gallery-position-overlay  envira-gallery-top-left\"><\/div><div class=\"envira-gallery-position-overlay  envira-gallery-top-right\"><\/div><div class=\"envira-gallery-position-overlay  envira-gallery-bottom-left\"><\/div><div class=\"envira-gallery-position-overlay  envira-gallery-bottom-right\"><\/div><a href=\"http:\/\/www.reitverein-metternich.de\/cms\/wp-content\/uploads\/2019\/12\/20191207_171615415_iOS.jpg\" class=\"envira-gallery-721 envira-gallery-link\" rel=\"enviragallery721\" title=\"20191207_171615415_iOS\" data-envira-caption=\"20191207_171615415_iOS\" data-envira-retina=\"\" data-thumbnail=\"\"  itemprop=\"contentUrl\"><img id=\"envira-gallery-image-716\" class=\"envira-gallery-image envira-gallery-image-2 envira-normal envira-lazy\" data-envira-index=\"2\" src=\"https:\/\/www.reitverein-metternich.de\/cms\/wp-content\/uploads\/2019\/12\/20191207_171615415_iOS-1024x768-640x480.jpg\" data-envira-src=\"https:\/\/www.reitverein-metternich.de\/cms\/wp-content\/uploads\/2019\/12\/20191207_171615415_iOS-1024x768-640x480.jpg\" data-envira-gallery-id=\"721\" data-envira-item-id=\"716\" data-envira-caption=\"20191207_171615415_iOS\" alt=\"\" title=\"20191207_171615415_iOS\"  itemprop=\"thumbnailUrl\" data-envira-srcset=\"https:\/\/www.reitverein-metternich.de\/cms\/wp-content\/uploads\/2019\/12\/20191207_171615415_iOS-1024x768-640x480.jpg 400w,https:\/\/www.reitverein-metternich.de\/cms\/wp-content\/uploads\/2019\/12\/20191207_171615415_iOS-1024x768-640x480.jpg 2x\" data-envira-width=\"300\" data-envira-height=\"225\" srcset=\"data:image\/gif;base64,R0lGODlhAQABAIAAAP\/\/\/\/\/\/\/yH5BAEKAAEALAAAAAABAAEAAAICTAEAOw==\" data-safe-src=\"data:image\/gif;base64,R0lGODlhAQABAIAAAP\/\/\/\/\/\/\/yH5BAEKAAEALAAAAAABAAEAAAICTAEAOw==\" \/><\/a><\/div><\/div><div id=\"envira-gallery-item-715\" class=\"envira-gallery-item enviratope-item envira-gallery-item-3 envira-lazy-load\" style=\"padding-left: 5px; padding-bottom: 10px; padding-right: 5px;\"  itemscope itemtype=\"https:\/\/schema.org\/ImageObject\"><div class=\"envira-gallery-item-inner\"><div class=\"envira-gallery-position-overlay  envira-gallery-top-left\"><\/div><div class=\"envira-gallery-position-overlay  envira-gallery-top-right\"><\/div><div class=\"envira-gallery-position-overlay  envira-gallery-bottom-left\"><\/div><div class=\"envira-gallery-position-overlay  envira-gallery-bottom-right\"><\/div><a href=\"http:\/\/www.reitverein-metternich.de\/cms\/wp-content\/uploads\/2019\/12\/20191207_171454997_iOS.jpg\" class=\"envira-gallery-721 envira-gallery-link\" rel=\"enviragallery721\" title=\"20191207_171454997_iOS\" data-envira-caption=\"20191207_171454997_iOS\" data-envira-retina=\"\" data-thumbnail=\"\"  itemprop=\"contentUrl\"><img id=\"envira-gallery-image-715\" class=\"envira-gallery-image envira-gallery-image-3 envira-normal envira-lazy\" data-envira-index=\"3\" src=\"https:\/\/www.reitverein-metternich.de\/cms\/wp-content\/uploads\/2019\/12\/20191207_171454997_iOS-1024x768-640x480.jpg\" data-envira-src=\"https:\/\/www.reitverein-metternich.de\/cms\/wp-content\/uploads\/2019\/12\/20191207_171454997_iOS-1024x768-640x480.jpg\" data-envira-gallery-id=\"721\" data-envira-item-id=\"715\" data-envira-caption=\"20191207_171454997_iOS\" alt=\"\" title=\"20191207_171454997_iOS\"  itemprop=\"thumbnailUrl\" data-envira-srcset=\"https:\/\/www.reitverein-metternich.de\/cms\/wp-content\/uploads\/2019\/12\/20191207_171454997_iOS-1024x768-640x480.jpg 400w,https:\/\/www.reitverein-metternich.de\/cms\/wp-content\/uploads\/2019\/12\/20191207_171454997_iOS-1024x768-640x480.jpg 2x\" data-envira-width=\"300\" data-envira-height=\"225\" srcset=\"data:image\/gif;base64,R0lGODlhAQABAIAAAP\/\/\/\/\/\/\/yH5BAEKAAEALAAAAAABAAEAAAICTAEAOw==\" data-safe-src=\"data:image\/gif;base64,R0lGODlhAQABAIAAAP\/\/\/\/\/\/\/yH5BAEKAAEALAAAAAABAAEAAAICTAEAOw==\" \/><\/a><\/div><\/div><div id=\"envira-gallery-item-714\" class=\"envira-gallery-item enviratope-item envira-gallery-item-4 envira-lazy-load\" style=\"padding-left: 5px; padding-bottom: 10px; padding-right: 5px;\"  itemscope itemtype=\"https:\/\/schema.org\/ImageObject\"><div class=\"envira-gallery-item-inner\"><div class=\"envira-gallery-position-overlay  envira-gallery-top-left\"><\/div><div class=\"envira-gallery-position-overlay  envira-gallery-top-right\"><\/div><div class=\"envira-gallery-position-overlay  envira-gallery-bottom-left\"><\/div><div class=\"envira-gallery-position-overlay  envira-gallery-bottom-right\"><\/div><a href=\"http:\/\/www.reitverein-metternich.de\/cms\/wp-content\/uploads\/2019\/12\/20191207_192324421_iOS.jpg\" class=\"envira-gallery-721 envira-gallery-link\" rel=\"enviragallery721\" title=\"20191207_192324421_iOS\" data-envira-caption=\"20191207_192324421_iOS\" data-envira-retina=\"\" data-thumbnail=\"\"  itemprop=\"contentUrl\"><img id=\"envira-gallery-image-714\" class=\"envira-gallery-image envira-gallery-image-4 envira-normal envira-lazy\" data-envira-index=\"4\" src=\"https:\/\/www.reitverein-metternich.de\/cms\/wp-content\/uploads\/2019\/12\/20191207_192324421_iOS-1024x768-640x480.jpg\" data-envira-src=\"https:\/\/www.reitverein-metternich.de\/cms\/wp-content\/uploads\/2019\/12\/20191207_192324421_iOS-1024x768-640x480.jpg\" data-envira-gallery-id=\"721\" data-envira-item-id=\"714\" data-envira-caption=\"20191207_192324421_iOS\" alt=\"\" title=\"20191207_192324421_iOS\"  itemprop=\"thumbnailUrl\" data-envira-srcset=\"https:\/\/www.reitverein-metternich.de\/cms\/wp-content\/uploads\/2019\/12\/20191207_192324421_iOS-1024x768-640x480.jpg 400w,https:\/\/www.reitverein-metternich.de\/cms\/wp-content\/uploads\/2019\/12\/20191207_192324421_iOS-1024x768-640x480.jpg 2x\" data-envira-width=\"300\" data-envira-height=\"225\" srcset=\"data:image\/gif;base64,R0lGODlhAQABAIAAAP\/\/\/\/\/\/\/yH5BAEKAAEALAAAAAABAAEAAAICTAEAOw==\" data-safe-src=\"data:image\/gif;base64,R0lGODlhAQABAIAAAP\/\/\/\/\/\/\/yH5BAEKAAEALAAAAAABAAEAAAICTAEAOw==\" \/><\/a><\/div><\/div><div id=\"envira-gallery-item-713\" class=\"envira-gallery-item enviratope-item envira-gallery-item-5 envira-lazy-load\" style=\"padding-left: 5px; padding-bottom: 10px; padding-right: 5px;\"  itemscope itemtype=\"https:\/\/schema.org\/ImageObject\"><div class=\"envira-gallery-item-inner\"><div class=\"envira-gallery-position-overlay  envira-gallery-top-left\"><\/div><div class=\"envira-gallery-position-overlay  envira-gallery-top-right\"><\/div><div class=\"envira-gallery-position-overlay  envira-gallery-bottom-left\"><\/div><div class=\"envira-gallery-position-overlay  envira-gallery-bottom-right\"><\/div><a href=\"http:\/\/www.reitverein-metternich.de\/cms\/wp-content\/uploads\/2019\/12\/20191207_171920722_iOS.jpg\" class=\"envira-gallery-721 envira-gallery-link\" rel=\"enviragallery721\" title=\"20191207_171920722_iOS\" data-envira-caption=\"20191207_171920722_iOS\" data-envira-retina=\"\" data-thumbnail=\"\"  itemprop=\"contentUrl\"><img id=\"envira-gallery-image-713\" class=\"envira-gallery-image envira-gallery-image-5 envira-normal envira-lazy\" data-envira-index=\"5\" src=\"https:\/\/www.reitverein-metternich.de\/cms\/wp-content\/uploads\/2019\/12\/20191207_171920722_iOS-1024x768-640x480.jpg\" data-envira-src=\"https:\/\/www.reitverein-metternich.de\/cms\/wp-content\/uploads\/2019\/12\/20191207_171920722_iOS-1024x768-640x480.jpg\" data-envira-gallery-id=\"721\" data-envira-item-id=\"713\" data-envira-caption=\"20191207_171920722_iOS\" alt=\"\" title=\"20191207_171920722_iOS\"  itemprop=\"thumbnailUrl\" data-envira-srcset=\"https:\/\/www.reitverein-metternich.de\/cms\/wp-content\/uploads\/2019\/12\/20191207_171920722_iOS-1024x768-640x480.jpg 400w,https:\/\/www.reitverein-metternich.de\/cms\/wp-content\/uploads\/2019\/12\/20191207_171920722_iOS-1024x768-640x480.jpg 2x\" data-envira-width=\"300\" data-envira-height=\"225\" srcset=\"data:image\/gif;base64,R0lGODlhAQABAIAAAP\/\/\/\/\/\/\/yH5BAEKAAEALAAAAAABAAEAAAICTAEAOw==\" data-safe-src=\"data:image\/gif;base64,R0lGODlhAQABAIAAAP\/\/\/\/\/\/\/yH5BAEKAAEALAAAAAABAAEAAAICTAEAOw==\" \/><\/a><\/div><\/div><div id=\"envira-gallery-item-712\" class=\"envira-gallery-item enviratope-item envira-gallery-item-6 envira-lazy-load\" style=\"padding-left: 5px; padding-bottom: 10px; padding-right: 5px;\"  itemscope itemtype=\"https:\/\/schema.org\/ImageObject\"><div class=\"envira-gallery-item-inner\"><div class=\"envira-gallery-position-overlay  envira-gallery-top-left\"><\/div><div class=\"envira-gallery-position-overlay  envira-gallery-top-right\"><\/div><div class=\"envira-gallery-position-overlay  envira-gallery-bottom-left\"><\/div><div class=\"envira-gallery-position-overlay  envira-gallery-bottom-right\"><\/div><a href=\"http:\/\/www.reitverein-metternich.de\/cms\/wp-content\/uploads\/2019\/12\/20191207_171718611_iOS.jpg\" class=\"envira-gallery-721 envira-gallery-link\" rel=\"enviragallery721\" title=\"20191207_171718611_iOS\" data-envira-caption=\"20191207_171718611_iOS\" data-envira-retina=\"\" data-thumbnail=\"\"  itemprop=\"contentUrl\"><img id=\"envira-gallery-image-712\" class=\"envira-gallery-image envira-gallery-image-6 envira-normal envira-lazy\" data-envira-index=\"6\" src=\"https:\/\/www.reitverein-metternich.de\/cms\/wp-content\/uploads\/2019\/12\/20191207_171718611_iOS-1024x768-640x480.jpg\" data-envira-src=\"https:\/\/www.reitverein-metternich.de\/cms\/wp-content\/uploads\/2019\/12\/20191207_171718611_iOS-1024x768-640x480.jpg\" data-envira-gallery-id=\"721\" data-envira-item-id=\"712\" data-envira-caption=\"20191207_171718611_iOS\" alt=\"\" title=\"20191207_171718611_iOS\"  itemprop=\"thumbnailUrl\" data-envira-srcset=\"https:\/\/www.reitverein-metternich.de\/cms\/wp-content\/uploads\/2019\/12\/20191207_171718611_iOS-1024x768-640x480.jpg 400w,https:\/\/www.reitverein-metternich.de\/cms\/wp-content\/uploads\/2019\/12\/20191207_171718611_iOS-1024x768-640x480.jpg 2x\" data-envira-width=\"300\" data-envira-height=\"225\" srcset=\"data:image\/gif;base64,R0lGODlhAQABAIAAAP\/\/\/\/\/\/\/yH5BAEKAAEALAAAAAABAAEAAAICTAEAOw==\" data-safe-src=\"data:image\/gif;base64,R0lGODlhAQABAIAAAP\/\/\/\/\/\/\/yH5BAEKAAEALAAAAAABAAEAAAICTAEAOw==\" \/><\/a><\/div><\/div><div id=\"envira-gallery-item-711\" class=\"envira-gallery-item enviratope-item envira-gallery-item-7 envira-lazy-load\" style=\"padding-left: 5px; padding-bottom: 10px; padding-right: 5px;\"  itemscope itemtype=\"https:\/\/schema.org\/ImageObject\"><div class=\"envira-gallery-item-inner\"><div class=\"envira-gallery-position-overlay  envira-gallery-top-left\"><\/div><div class=\"envira-gallery-position-overlay  envira-gallery-top-right\"><\/div><div class=\"envira-gallery-position-overlay  envira-gallery-bottom-left\"><\/div><div class=\"envira-gallery-position-overlay  envira-gallery-bottom-right\"><\/div><a href=\"http:\/\/www.reitverein-metternich.de\/cms\/wp-content\/uploads\/2019\/12\/20191207_171333373_iOS.jpg\" class=\"envira-gallery-721 envira-gallery-link\" rel=\"enviragallery721\" title=\"20191207_171333373_iOS\" data-envira-caption=\"20191207_171333373_iOS\" data-envira-retina=\"\" data-thumbnail=\"\"  itemprop=\"contentUrl\"><img id=\"envira-gallery-image-711\" class=\"envira-gallery-image envira-gallery-image-7 envira-normal envira-lazy\" data-envira-index=\"7\" src=\"https:\/\/www.reitverein-metternich.de\/cms\/wp-content\/uploads\/2019\/12\/20191207_171333373_iOS-1024x768-640x480.jpg\" data-envira-src=\"https:\/\/www.reitverein-metternich.de\/cms\/wp-content\/uploads\/2019\/12\/20191207_171333373_iOS-1024x768-640x480.jpg\" data-envira-gallery-id=\"721\" data-envira-item-id=\"711\" data-envira-caption=\"20191207_171333373_iOS\" alt=\"\" title=\"20191207_171333373_iOS\"  itemprop=\"thumbnailUrl\" data-envira-srcset=\"https:\/\/www.reitverein-metternich.de\/cms\/wp-content\/uploads\/2019\/12\/20191207_171333373_iOS-1024x768-640x480.jpg 400w,https:\/\/www.reitverein-metternich.de\/cms\/wp-content\/uploads\/2019\/12\/20191207_171333373_iOS-1024x768-640x480.jpg 2x\" data-envira-width=\"300\" data-envira-height=\"225\" srcset=\"data:image\/gif;base64,R0lGODlhAQABAIAAAP\/\/\/\/\/\/\/yH5BAEKAAEALAAAAAABAAEAAAICTAEAOw==\" data-safe-src=\"data:image\/gif;base64,R0lGODlhAQABAIAAAP\/\/\/\/\/\/\/yH5BAEKAAEALAAAAAABAAEAAAICTAEAOw==\" \/><\/a><\/div><\/div><div id=\"envira-gallery-item-710\" class=\"envira-gallery-item enviratope-item envira-gallery-item-8 envira-lazy-load\" style=\"padding-left: 5px; padding-bottom: 10px; padding-right: 5px;\"  itemscope itemtype=\"https:\/\/schema.org\/ImageObject\"><div class=\"envira-gallery-item-inner\"><div class=\"envira-gallery-position-overlay  envira-gallery-top-left\"><\/div><div class=\"envira-gallery-position-overlay  envira-gallery-top-right\"><\/div><div class=\"envira-gallery-position-overlay  envira-gallery-bottom-left\"><\/div><div class=\"envira-gallery-position-overlay  envira-gallery-bottom-right\"><\/div><a href=\"http:\/\/www.reitverein-metternich.de\/cms\/wp-content\/uploads\/2019\/12\/20191207_170841424_iOS.jpg\" class=\"envira-gallery-721 envira-gallery-link\" rel=\"enviragallery721\" title=\"20191207_170841424_iOS\" data-envira-caption=\"20191207_170841424_iOS\" data-envira-retina=\"\" data-thumbnail=\"\"  itemprop=\"contentUrl\"><img id=\"envira-gallery-image-710\" class=\"envira-gallery-image envira-gallery-image-8 envira-normal envira-lazy\" data-envira-index=\"8\" src=\"https:\/\/www.reitverein-metternich.de\/cms\/wp-content\/uploads\/2019\/12\/20191207_170841424_iOS-768x1024-640x480.jpg\" data-envira-src=\"https:\/\/www.reitverein-metternich.de\/cms\/wp-content\/uploads\/2019\/12\/20191207_170841424_iOS-768x1024-640x480.jpg\" data-envira-gallery-id=\"721\" data-envira-item-id=\"710\" data-envira-caption=\"20191207_170841424_iOS\" alt=\"\" title=\"20191207_170841424_iOS\"  itemprop=\"thumbnailUrl\" data-envira-srcset=\"https:\/\/www.reitverein-metternich.de\/cms\/wp-content\/uploads\/2019\/12\/20191207_170841424_iOS-768x1024-640x480.jpg 400w,https:\/\/www.reitverein-metternich.de\/cms\/wp-content\/uploads\/2019\/12\/20191207_170841424_iOS-768x1024-640x480.jpg 2x\" data-envira-width=\"225\" data-envira-height=\"300\" srcset=\"data:image\/gif;base64,R0lGODlhAQABAIAAAP\/\/\/\/\/\/\/yH5BAEKAAEALAAAAAABAAEAAAICTAEAOw==\" data-safe-src=\"data:image\/gif;base64,R0lGODlhAQABAIAAAP\/\/\/\/\/\/\/yH5BAEKAAEALAAAAAABAAEAAAICTAEAOw==\" \/><\/a><\/div><\/div><div id=\"envira-gallery-item-709\" class=\"envira-gallery-item enviratope-item envira-gallery-item-9 envira-lazy-load\" style=\"padding-left: 5px; padding-bottom: 10px; padding-right: 5px;\"  itemscope itemtype=\"https:\/\/schema.org\/ImageObject\"><div class=\"envira-gallery-item-inner\"><div class=\"envira-gallery-position-overlay  envira-gallery-top-left\"><\/div><div class=\"envira-gallery-position-overlay  envira-gallery-top-right\"><\/div><div class=\"envira-gallery-position-overlay  envira-gallery-bottom-left\"><\/div><div class=\"envira-gallery-position-overlay  envira-gallery-bottom-right\"><\/div><a href=\"http:\/\/www.reitverein-metternich.de\/cms\/wp-content\/uploads\/2019\/12\/20191207_171540016_iOS.jpg\" class=\"envira-gallery-721 envira-gallery-link\" rel=\"enviragallery721\" title=\"20191207_171540016_iOS\" data-envira-caption=\"20191207_171540016_iOS\" data-envira-retina=\"\" data-thumbnail=\"\"  itemprop=\"contentUrl\"><img id=\"envira-gallery-image-709\" class=\"envira-gallery-image envira-gallery-image-9 envira-normal envira-lazy\" data-envira-index=\"9\" src=\"https:\/\/www.reitverein-metternich.de\/cms\/wp-content\/uploads\/2019\/12\/20191207_171540016_iOS-1024x768-640x480.jpg\" data-envira-src=\"https:\/\/www.reitverein-metternich.de\/cms\/wp-content\/uploads\/2019\/12\/20191207_171540016_iOS-1024x768-640x480.jpg\" data-envira-gallery-id=\"721\" data-envira-item-id=\"709\" data-envira-caption=\"20191207_171540016_iOS\" alt=\"\" title=\"20191207_171540016_iOS\"  itemprop=\"thumbnailUrl\" data-envira-srcset=\"https:\/\/www.reitverein-metternich.de\/cms\/wp-content\/uploads\/2019\/12\/20191207_171540016_iOS-1024x768-640x480.jpg 400w,https:\/\/www.reitverein-metternich.de\/cms\/wp-content\/uploads\/2019\/12\/20191207_171540016_iOS-1024x768-640x480.jpg 2x\" data-envira-width=\"300\" data-envira-height=\"225\" srcset=\"data:image\/gif;base64,R0lGODlhAQABAIAAAP\/\/\/\/\/\/\/yH5BAEKAAEALAAAAAABAAEAAAICTAEAOw==\" data-safe-src=\"data:image\/gif;base64,R0lGODlhAQABAIAAAP\/\/\/\/\/\/\/yH5BAEKAAEALAAAAAABAAEAAAICTAEAOw==\" \/><\/a><\/div><\/div><div id=\"envira-gallery-item-707\" class=\"envira-gallery-item enviratope-item envira-gallery-item-10 envira-lazy-load\" style=\"padding-left: 5px; padding-bottom: 10px; padding-right: 5px;\"  itemscope itemtype=\"https:\/\/schema.org\/ImageObject\"><div class=\"envira-gallery-item-inner\"><div class=\"envira-gallery-position-overlay  envira-gallery-top-left\"><\/div><div class=\"envira-gallery-position-overlay  envira-gallery-top-right\"><\/div><div class=\"envira-gallery-position-overlay  envira-gallery-bottom-left\"><\/div><div class=\"envira-gallery-position-overlay  envira-gallery-bottom-right\"><\/div><a href=\"http:\/\/www.reitverein-metternich.de\/cms\/wp-content\/uploads\/2019\/12\/20191207_171025455_iOS.jpg\" class=\"envira-gallery-721 envira-gallery-link\" rel=\"enviragallery721\" title=\"20191207_171025455_iOS\" data-envira-caption=\"20191207_171025455_iOS\" data-envira-retina=\"\" data-thumbnail=\"\"  itemprop=\"contentUrl\"><img id=\"envira-gallery-image-707\" class=\"envira-gallery-image envira-gallery-image-10 envira-normal envira-lazy\" data-envira-index=\"10\" src=\"https:\/\/www.reitverein-metternich.de\/cms\/wp-content\/uploads\/2019\/12\/20191207_171025455_iOS-768x1024-640x480.jpg\" data-envira-src=\"https:\/\/www.reitverein-metternich.de\/cms\/wp-content\/uploads\/2019\/12\/20191207_171025455_iOS-768x1024-640x480.jpg\" data-envira-gallery-id=\"721\" data-envira-item-id=\"707\" data-envira-caption=\"20191207_171025455_iOS\" alt=\"\" title=\"20191207_171025455_iOS\"  itemprop=\"thumbnailUrl\" data-envira-srcset=\"https:\/\/www.reitverein-metternich.de\/cms\/wp-content\/uploads\/2019\/12\/20191207_171025455_iOS-768x1024-640x480.jpg 400w,https:\/\/www.reitverein-metternich.de\/cms\/wp-content\/uploads\/2019\/12\/20191207_171025455_iOS-768x1024-640x480.jpg 2x\" data-envira-width=\"225\" data-envira-height=\"300\" srcset=\"data:image\/gif;base64,R0lGODlhAQABAIAAAP\/\/\/\/\/\/\/yH5BAEKAAEALAAAAAABAAEAAAICTAEAOw==\" data-safe-src=\"data:image\/gif;base64,R0lGODlhAQABAIAAAP\/\/\/\/\/\/\/yH5BAEKAAEALAAAAAABAAEAAAICTAEAOw==\" \/><\/a><\/div><\/div><div id=\"envira-gallery-item-706\" class=\"envira-gallery-item enviratope-item envira-gallery-item-11 envira-lazy-load\" style=\"padding-left: 5px; padding-bottom: 10px; padding-right: 5px;\"  itemscope itemtype=\"https:\/\/schema.org\/ImageObject\"><div class=\"envira-gallery-item-inner\"><div class=\"envira-gallery-position-overlay  envira-gallery-top-left\"><\/div><div class=\"envira-gallery-position-overlay  envira-gallery-top-right\"><\/div><div class=\"envira-gallery-position-overlay  envira-gallery-bottom-left\"><\/div><div class=\"envira-gallery-position-overlay  envira-gallery-bottom-right\"><\/div><a href=\"http:\/\/www.reitverein-metternich.de\/cms\/wp-content\/uploads\/2019\/12\/20191207_201402071_iOS.jpg\" class=\"envira-gallery-721 envira-gallery-link\" rel=\"enviragallery721\" title=\"20191207_201402071_iOS\" data-envira-caption=\"20191207_201402071_iOS\" data-envira-retina=\"\" data-thumbnail=\"\"  itemprop=\"contentUrl\"><img id=\"envira-gallery-image-706\" class=\"envira-gallery-image envira-gallery-image-11 envira-normal envira-lazy\" data-envira-index=\"11\" src=\"https:\/\/www.reitverein-metternich.de\/cms\/wp-content\/uploads\/2019\/12\/20191207_201402071_iOS-768x1024-640x480.jpg\" data-envira-src=\"https:\/\/www.reitverein-metternich.de\/cms\/wp-content\/uploads\/2019\/12\/20191207_201402071_iOS-768x1024-640x480.jpg\" data-envira-gallery-id=\"721\" data-envira-item-id=\"706\" data-envira-caption=\"20191207_201402071_iOS\" alt=\"\" title=\"20191207_201402071_iOS\"  itemprop=\"thumbnailUrl\" data-envira-srcset=\"https:\/\/www.reitverein-metternich.de\/cms\/wp-content\/uploads\/2019\/12\/20191207_201402071_iOS-768x1024-640x480.jpg 400w,https:\/\/www.reitverein-metternich.de\/cms\/wp-content\/uploads\/2019\/12\/20191207_201402071_iOS-768x1024-640x480.jpg 2x\" data-envira-width=\"225\" data-envira-height=\"300\" srcset=\"data:image\/gif;base64,R0lGODlhAQABAIAAAP\/\/\/\/\/\/\/yH5BAEKAAEALAAAAAABAAEAAAICTAEAOw==\" data-safe-src=\"data:image\/gif;base64,R0lGODlhAQABAIAAAP\/\/\/\/\/\/\/yH5BAEKAAEALAAAAAABAAEAAAICTAEAOw==\" \/><\/a><\/div><\/div><\/div><\/div><noscript><img src=\"https:\/\/www.reitverein-metternich.de\/cms\/wp-content\/uploads\/2019\/12\/20191207_201124460_iOS.jpg\" alt=\"\" \/><img src=\"https:\/\/www.reitverein-metternich.de\/cms\/wp-content\/uploads\/2019\/12\/20191207_171615415_iOS.jpg\" alt=\"\" \/><img src=\"https:\/\/www.reitverein-metternich.de\/cms\/wp-content\/uploads\/2019\/12\/20191207_171454997_iOS.jpg\" alt=\"\" \/><img src=\"https:\/\/www.reitverein-metternich.de\/cms\/wp-content\/uploads\/2019\/12\/20191207_192324421_iOS.jpg\" alt=\"\" \/><img src=\"https:\/\/www.reitverein-metternich.de\/cms\/wp-content\/uploads\/2019\/12\/20191207_171920722_iOS.jpg\" alt=\"\" \/><img src=\"https:\/\/www.reitverein-metternich.de\/cms\/wp-content\/uploads\/2019\/12\/20191207_171718611_iOS.jpg\" alt=\"\" \/><img src=\"https:\/\/www.reitverein-metternich.de\/cms\/wp-content\/uploads\/2019\/12\/20191207_171333373_iOS.jpg\" alt=\"\" \/><img src=\"https:\/\/www.reitverein-metternich.de\/cms\/wp-content\/uploads\/2019\/12\/20191207_170841424_iOS.jpg\" alt=\"\" \/><img src=\"https:\/\/www.reitverein-metternich.de\/cms\/wp-content\/uploads\/2019\/12\/20191207_171540016_iOS.jpg\" alt=\"\" \/><img src=\"https:\/\/www.reitverein-metternich.de\/cms\/wp-content\/uploads\/2019\/12\/20191207_171025455_iOS.jpg\" alt=\"\" \/><img src=\"https:\/\/www.reitverein-metternich.de\/cms\/wp-content\/uploads\/2019\/12\/20191207_201402071_iOS.jpg\" alt=\"\" \/><\/noscript>\n<p>&nbsp;<\/p>\n<p>&nbsp;<\/p>\n","protected":false},"excerpt":{"rendered":"<p>Erstmalig hat der im Sommer 2019 gew\u00e4hlte neue Vorstand des RFV Metternich um die Vorsitzende B\u00e4rbel Czeschik die Weihnachtsfeier ausgerichtet.<\/p>\n","protected":false},"author":1,"featured_media":709,"comment_status":"closed","ping_status":"open","sticky":false,"template":"","format":"standard","meta":[],"categories":[1,8],"tags":[],"_links":{"self":[{"href":"https:\/\/www.reitverein-metternich.de\/cms\/index.php\/wp-json\/wp\/v2\/posts\/705"}],"collection":[{"href":"https:\/\/www.reitverein-metternich.de\/cms\/index.php\/wp-json\/wp\/v2\/posts"}],"about":[{"href":"https:\/\/www.reitverein-metternich.de\/cms\/index.php\/wp-json\/wp\/v2\/types\/post"}],"author":[{"embeddable":true,"href":"https:\/\/www.reitverein-metternich.de\/cms\/index.php\/wp-json\/wp\/v2\/users\/1"}],"replies":[{"embeddable":true,"href":"https:\/\/www.reitverein-metternich.de\/cms\/index.php\/wp-json\/wp\/v2\/comments?post=705"}],"version-history":[{"count":4,"href":"https:\/\/www.reitverein-metternich.de\/cms\/index.php\/wp-json\/wp\/v2\/posts\/705\/revisions"}],"predecessor-version":[{"id":722,"href":"https:\/\/www.reitverein-metternich.de\/cms\/index.php\/wp-json\/wp\/v2\/posts\/705\/revisions\/722"}],"wp:featuredmedia":[{"embeddable":true,"href":"https:\/\/www.reitverein-metternich.de\/cms\/index.php\/wp-json\/wp\/v2\/media\/709"}],"wp:attachment":[{"href":"https:\/\/www.reitverein-metternich.de\/cms\/index.php\/wp-json\/wp\/v2\/media?parent=705"}],"wp:term":[{"taxonomy":"category","embeddable":true,"href":"https:\/\/www.reitverein-metternich.de\/cms\/index.php\/wp-json\/wp\/v2\/categories?post=705"},{"taxonomy":"post_tag","embeddable":true,"href":"https:\/\/www.reitverein-metternich.de\/cms\/index.php\/wp-json\/wp\/v2\/tags?post=705"}],"curies":[{"name":"wp","href":"https:\/\/api.w.org\/{rel}","templated":true}]}}